{"id":3566,"date":"2022-07-06T16:48:51","date_gmt":"2022-07-06T16:48:51","guid":{"rendered":"http:\/\/gaelle-lecrecq.com.remedes-naturels.org\/?p=3566"},"modified":"2022-07-06T17:18:36","modified_gmt":"2022-07-06T17:18:36","slug":"photographe-guerande","status":"publish","type":"post","link":"https:\/\/gaelle-lecrecq.com\/en\/photographe-guerande\/","title":{"rendered":"Photographe professionnelle \u00e0 Gu\u00e9rande"},"content":{"rendered":"<p>Vous \u00eates h\u00f4telier, commer\u00e7ant ou artisan \u00e0 Gu\u00e9rande et vous cherchez une photographe professionnelle pour mettre en valeur vos produits, services ou votre \u00e9tablissement ?<\/p>\n\n\n\n<p>Visitez mon site pour d\u00e9couvrir comment je peux vous aider \u00e0 sublimer votre h\u00f4tel, votre commerce ou votre m\u00e9tier.<\/p>\n\n\n\n<div class=\"wp-block-buttons is-content-justification-center is-layout-flex wp-container-core-buttons-is-layout-a89b3969 wp-block-buttons-is-layout-flex\">\n<div class=\"wp-block-button is-style-outline is-style-outline--1\"><a class=\"wp-block-button__link\" href=\"https:\/\/gaelle-lecrecq.com\/en\/\" style=\"border-radius:4px\">D\u00e9couvrir<\/a><\/div>\n<\/div>\n\n\n\n<div style=\"height:100px\" aria-hidden=\"true\" class=\"wp-block-spacer\"><\/div>\n\n\n\n<div class=\"wp-block-jetpack-tiled-gallery aligncenter is-style-rectangular\"><div class=\"tiled-gallery__gallery\"><div class=\"tiled-gallery__row\"><div class=\"tiled-gallery__col\" style=\"flex-basis:50.00000%\"><figure class=\"tiled-gallery__item\"><img decoding=\"async\" alt=\"\" data-height=\"1080\" data-id=\"3250\" data-link=\"https:\/\/gaelle-lecrecq.com\/?attachment_id=3250\" data-url=\"https:\/\/gaelle-lecrecq.com\/wp-content\/uploads\/2023\/05\/80D69C22-84A7-418B-A596-05BFFD884B9F-1024x576.png\" data-width=\"1920\" src=\"https:\/\/i2.wp.com\/gaelle-lecrecq.com\/wp-content\/uploads\/2023\/05\/80D69C22-84A7-418B-A596-05BFFD884B9F-1024x576.png?ssl=1\" data-amp-layout=\"responsive\"\/><\/figure><\/div><div class=\"tiled-gallery__col\" style=\"flex-basis:50.00000%\"><figure class=\"tiled-gallery__item\"><img decoding=\"async\" alt=\"\" data-height=\"1080\" data-id=\"3247\" data-link=\"https:\/\/gaelle-lecrecq.com\/?attachment_id=3247\" data-url=\"https:\/\/gaelle-lecrecq.com\/wp-content\/uploads\/2023\/05\/0E883866-0DA4-49C5-9F28-67E5B615C93E-1024x576.png\" data-width=\"1920\" src=\"https:\/\/i2.wp.com\/gaelle-lecrecq.com\/wp-content\/uploads\/2023\/05\/0E883866-0DA4-49C5-9F28-67E5B615C93E-1024x576.png?ssl=1\" data-amp-layout=\"responsive\"\/><\/figure><\/div><\/div><div class=\"tiled-gallery__row\"><div class=\"tiled-gallery__col\" style=\"flex-basis:50.00000%\"><figure class=\"tiled-gallery__item\"><img decoding=\"async\" alt=\"\" data-height=\"1080\" data-id=\"3249\" data-link=\"https:\/\/gaelle-lecrecq.com\/?attachment_id=3249\" data-url=\"https:\/\/gaelle-lecrecq.com\/wp-content\/uploads\/2023\/05\/56CDDB5C-1ABC-473A-9377-3330DAE92DD9-1024x576.png\" data-width=\"1920\" src=\"https:\/\/i1.wp.com\/gaelle-lecrecq.com\/wp-content\/uploads\/2023\/05\/56CDDB5C-1ABC-473A-9377-3330DAE92DD9-1024x576.png?ssl=1\" data-amp-layout=\"responsive\"\/><\/figure><\/div><div class=\"tiled-gallery__col\" style=\"flex-basis:50.00000%\"><figure class=\"tiled-gallery__item\"><img decoding=\"async\" alt=\"\" data-height=\"1080\" data-id=\"3248\" data-link=\"https:\/\/gaelle-lecrecq.com\/?attachment_id=3248\" data-url=\"https:\/\/gaelle-lecrecq.com\/wp-content\/uploads\/2023\/05\/0FDE3982-7464-4F32-91AE-254D46C20299-1024x576.png\" data-width=\"1920\" src=\"https:\/\/i2.wp.com\/gaelle-lecrecq.com\/wp-content\/uploads\/2023\/05\/0FDE3982-7464-4F32-91AE-254D46C20299-1024x576.png?ssl=1\" data-amp-layout=\"responsive\"\/><\/figure><\/div><\/div><div class=\"tiled-gallery__row\"><div class=\"tiled-gallery__col\" style=\"flex-basis:33.33333%\"><figure class=\"tiled-gallery__item\"><img decoding=\"async\" alt=\"\" data-height=\"1080\" data-id=\"3251\" data-link=\"https:\/\/gaelle-lecrecq.com\/?attachment_id=3251\" data-url=\"https:\/\/gaelle-lecrecq.com\/wp-content\/uploads\/2023\/05\/19506282-4EBA-4B90-81B6-48B77D8ADD1D-1024x576.png\" data-width=\"1920\" src=\"https:\/\/i2.wp.com\/gaelle-lecrecq.com\/wp-content\/uploads\/2023\/05\/19506282-4EBA-4B90-81B6-48B77D8ADD1D-1024x576.png?ssl=1\" data-amp-layout=\"responsive\"\/><\/figure><\/div><div class=\"tiled-gallery__col\" style=\"flex-basis:33.33333%\"><figure class=\"tiled-gallery__item\"><img decoding=\"async\" alt=\"\" data-height=\"1080\" data-id=\"3252\" data-link=\"https:\/\/gaelle-lecrecq.com\/?attachment_id=3252\" data-url=\"https:\/\/gaelle-lecrecq.com\/wp-content\/uploads\/2023\/05\/A896975D-C8CE-43B5-A5BB-9D3A7B2A431A-1024x576.png\" data-width=\"1920\" src=\"https:\/\/i0.wp.com\/gaelle-lecrecq.com\/wp-content\/uploads\/2023\/05\/A896975D-C8CE-43B5-A5BB-9D3A7B2A431A-1024x576.png?ssl=1\" data-amp-layout=\"responsive\"\/><\/figure><\/div><div class=\"tiled-gallery__col\" style=\"flex-basis:33.33333%\"><figure class=\"tiled-gallery__item\"><img decoding=\"async\" alt=\"\" data-height=\"1080\" data-id=\"3253\" data-link=\"https:\/\/gaelle-lecrecq.com\/?attachment_id=3253\" data-url=\"https:\/\/gaelle-lecrecq.com\/wp-content\/uploads\/2023\/05\/ED3D4614-FC82-4BC9-A0D2-EA3F4011B142-1024x576.png\" data-width=\"1920\" src=\"https:\/\/i0.wp.com\/gaelle-lecrecq.com\/wp-content\/uploads\/2023\/05\/ED3D4614-FC82-4BC9-A0D2-EA3F4011B142-1024x576.png?ssl=1\" data-amp-layout=\"responsive\"\/><\/figure><\/div><\/div><\/div><\/div>\n\n\n\n<div style=\"height:100px\" aria-hidden=\"true\" class=\"wp-block-spacer\"><\/div>\n\n\n<div class=\"lightweight-accordion has-background\"><details><summary class=\"lightweight-accordion-title\" style=\"background:#fafafa;\"><span> <\/span><\/summary><div class=\"lightweight-accordion-body\" style=\"border-color:#fafafa;\">\n\n<p>Vous \u00eates un professionnel et vous cherchez un photographe pour mettre en valeur vos produits, vos services ou votre \u00e9tablissement ? Une s\u00e9ance photo bien r\u00e9alis\u00e9e dynamise l&rsquo;image de votre entreprise et valorise votre identit\u00e9 visuelle.<\/p><h2> Gu\u00e9rande en Loire-Atlantique<\/h2><p>Gu\u00e9rande est une commune du d\u00e9partement de la Loire-Atlantique, dans l&rsquo;ouest de la France. Elle est connue pour ses marais salants et le sel de Gu\u00e9rande.<\/p>\n<p>Gu\u00e9rande est un endroit tr\u00e8s agr\u00e9able \u00e0 visiter, avec ses nombreuses attractions et son bel environnement. Le vieux centre est magnifique, avec ses maisons m\u00e9di\u00e9vales, ses rues \u00e9troites et ses ruelles pav\u00e9es. Il y a \u00e9galement de nombreux mus\u00e9es et galeries int\u00e9ressants dans la r\u00e9gion.<\/p>\n<p>Les visiteurs peuvent passer leur temps \u00e0 se promener dans la ville et \u00e0 visiter ses attractions. Les remparts de Gu\u00e9rande sont un des lieux les plus populaires \u00e0 visiter.<\/p>\n<p>Les marais salants sont au c\u0153ur des visites touristiques locales. Les voyageurs peuvent se promener \u00e0 travers les marais ou les parcourir \u00e0 v\u00e9lo dans le cadre d&rsquo;une visite guid\u00e9e ou en solitaire.\n<\/p><h2>Pourquoi faire appel \u00e0 une photographe professionnelle \u00e0 Gu\u00e9rande ?<\/h2><p>Un photographe professionnel peut capturer l&rsquo;essence de votre entreprise, de vos produits ou services d&rsquo;une mani\u00e8re unique et qualitative. Une bonne photo peut raconter une histoire, transmettre une \u00e9motion et donner envie \u00e0 votre audience cible de vous choisir plut\u00f4t que vos concurrents.<\/p><p>La qualit\u00e9 de vos photos contribuera \u00e0 renforcer votre image de marque, \u00e0 donner confiance \u00e0 votre public cible et \u00e0 am\u00e9liorer vos conversions.<\/p><p>Quelques raisons pour lesquelles vous devriez faire appel \u00e0 une photographe professionnelle pour votre entreprise :<\/p><ul><li>Les photographes professionnels savent comment utiliser efficacement l&rsquo;\u00e9clairage et le d\u00e9cor pour cr\u00e9er de belles images.<\/li><li>Les photographes professionnels ind\u00e9pendants savent comment poser les sujets pour un impact maximal sur les photos<li>Les photographes pro ma\u00eetrisent les logiciels d\u2019\u00e9dition et de retouche pour obtenir des images haute d\u00e9finition de qualit\u00e9<\/li><li>Les photos de haute qualit\u00e9 obtiennent plus de vues et aident \u00e0 construire votre marque. Les photographes professionnels peuvent cr\u00e9er les images dont vous avez besoin<\/li><li>Les bonnes photos donneront \u00e0 votre entreprise un aspect plus professionnel et plus digne de confiance<\/li><\/ul><\/p><h2>Photographe freelance \u00e0 Gu\u00e9rande  pour les professionnels h\u00f4teliers, commer\u00e7ants, artisans<\/h2><p>Photographe ind\u00e9pendante bas\u00e9e en Bretagne, je suis sp\u00e9cialis\u00e9e dans les reportages photographiques pour h\u00f4tels et autres \u00e9tablissements touristiques.<\/p><p><\/p><p>Je peux travailler sur place \u00e0 votre demande partout en Loire-Atlantique, mais aussi ailleurs dans les Pays de la Loire (Vend\u00e9e, Maine-et-Loire, Mayenne, Sarthe) et dans le reste de la France.<\/p><h3>Exemples de prestations photographiques \u00e0 Gu\u00e9rande<\/h3><p>Photographe freelance, je travaille avec des entreprises \u00e0 Gu\u00e9rande pour mettre en valeur leurs produits, services et leurs \u00e9quipes. Mes travaux comprennent :<\/br><ul><li>Photos de votre h\u00f4tel, g\u00eete ou autre \u00e9tablissement touristique<\/li>\n<li>Reportage photo touristique<\/li>\n<li>Photographie culinaire pour les restaurants, caf\u00e9s, bars, boulangeries<\/li>\n<li>Pack shots et photos de vos produits<\/li>\n<li>Portraits de vos collaborateurs<\/li>\n<li>Photos de vos locaux et de vos \u00e9v\u00e9nements d\u2019entreprise<\/li><\/ul><\/p><h2>Prestations de photographie professionnelle \u00e0 Gu\u00e9rande  (44)<\/h2><p>Depuis de nombreuses ann\u00e9es, je d\u00e9veloppe mes comp\u00e9tences afin d\u2019offrir des photographies de qualit\u00e9 aux entreprises qui font appel \u00e0 mes services. Photographies essentielles pour mettre en valeur leur offre sur leurs sites internet, r\u00e9seaux sociaux et autres moyens de communication.<\/p><p>Je propose un service complet pour mettre en valeur votre entreprise, vos produits, vos services et votre personnel.<\/p><p>Mon exp\u00e9rience de photographe freelance me permet d&rsquo;adapter mes services \u00e0 vos besoins et \u00e0 votre budget.<\/p><h2>D\u00e9roulement d\u2019une prestation de photo professionnelle<\/h2><p>Des photos de qualit\u00e9 sont essentielles pour tout type d\u2019entreprise (h\u00f4teliers, commer\u00e7ants, artisans\u2026). Je peux r\u00e9aliser des photos de qualit\u00e9 professionnelle de votre \u00e9tablissement, vos produits ou votre personnel. Le contenu visuel que je vous fournirai sera de haute qualit\u00e9 et adapt\u00e9 \u00e0 votre activit\u00e9.<\/p><p>Un premier rendez-vous de cadrage permet de bien d\u00e9finir vos besoins et objectifs. Suite \u00e0 ce premier rendez-vous, je vous adresse un devis d\u00e9taill\u00e9 et un contrat de cession de droits pour l\u2019utilisation des photos. Ce contrat signifie que vous pouvez utiliser ces images \u00e0 votre convenance, sur tout support papier ou interactif : en ligne notamment sur votre site internet, r\u00e9seaux sociaux, dans la presse en ligne ou \u00e9crite ou dans vos publications papier (brochures, catalogues ou magazines).<\/p><p>Suite \u00e0 la signature du devis et du contrat, je vous propose un second rendez-vous pour la prise de vue sur une journ\u00e9e ou plusieurs en fonction du projet.<\/p><p>Les photographies sont par la suite retouch\u00e9es et livr\u00e9es rapidement.<\/p><h2>Photographe d&rsquo;entreprise \u00e0 Gu\u00e9rande<\/h2><p>Photographe professionnelle bas\u00e9e entre Nantes, Rennes et Vannes, je suis sp\u00e9cialis\u00e9e dans les s\u00e9ances de photos d\u2019entreprise, particuli\u00e8rement les reportages photo pour h\u00f4tels et autres \u00e9tablissements touristiques. Je serai en mesure de vous proposer des visuels \u00e9l\u00e9gants et de qualit\u00e9 qui mettront en valeur l\u2019image de votre entreprise.<\/p><h2>Exemples de services photo pour les professionnels \u00e0 Gu\u00e9rande<\/h2><h3>Reportages photos h\u00f4teliers<\/h3><p>Si vous avez un h\u00f4tel ou une autre entreprise dans le secteur du tourisme, je peux vous fournir un ensemble de photos montrant votre propri\u00e9t\u00e9 et ses environs sous son meilleur angle.<\/p><h3>Pack shots et photos produits<\/h3>Dans ce type de photographie, un produit est photographi\u00e9 sous diff\u00e9rents angles. Cela permet de mettre en valeur le produit et de faire ressortir ses meilleures caract\u00e9ristiques. Les packshots sont utilis\u00e9s sur les sites web, les r\u00e9seaux sociaux, dans le cadre de campagnes de marketing ou dans des catalogues afin de pr\u00e9senter les produits de mani\u00e8re attractive.<\/p><h3>Photographies de tourisme<\/h3><p>Faites la promotion de votre \u00e9tablissement et de vos destinations dans le monde entier gr\u00e2ce \u00e0 des images de haute qualit\u00e9 !<\/p><h3>Photo culinaire pour caf\u00e9s, restaurants, boulangeries<\/h3><p>La photographie culinaire est un type de photographie qui est utilis\u00e9 pour capturer la beaut\u00e9 et la qualit\u00e9 des aliments. Elle peut \u00eatre r\u00e9alis\u00e9e de nombreuses fa\u00e7ons. L&rsquo;objectif principal de la photographie culinaire est de rendre la nourriture la plus attrayante et app\u00e9tissante possible.<\/p>\n<p>La photographie culinaire peut \u00eatre utilis\u00e9e de nombreuses mani\u00e8res diff\u00e9rentes, notamment :<\/br>\n<ol><li>Pour promouvoir votre restaurant ou votre caf\u00e9 sur internet et les r\u00e9seaux sociaux.<\/li>\n<li>Pour vendre vos produits en ligne<\/li>\n<li>Pour cr\u00e9er une image pour votre menu<\/li><\/ol>\n<\/p><h2>Faites appel \u00e0 une photographe professionnelle pour votre \u00e9tablissement<\/h2><p>Vos clients seront plus enclins \u00e0 s&rsquo;engager avec vous s&rsquo;ils peuvent voir des images professionnelles qui offrent une belle repr\u00e9sentation de votre entreprise.\nLa photographie ne doit pas \u00eatre une r\u00e9flexion apr\u00e8s coup, alors offrez \u00e0 vos clients de belles images qui mettent en valeur vos produits\/services et leur offrent une exp\u00e9rience exceptionnelle.<\/p><p>En tant que photographe professionnelle, je poss\u00e8de toutes les comp\u00e9tences pour cr\u00e9er des images captivantes qui vous aideront \u00e0 vous d\u00e9marquer de vos concurrents. Mes services sont con\u00e7us pour s&rsquo;adapter au mieux \u00e0 vos besoins. Contactez-moi d\u00e8s aujourd&rsquo;hui pour discuter de votre projet !<\/p>\n\n<\/div><\/details><\/div>","protected":false},"excerpt":{"rendered":"<p>Vous \u00eates h\u00f4telier, commer\u00e7ant ou artisan \u00e0 Gu\u00e9rande et vous cherchez une photographe professionnelle pour mettre en valeur vos produits, services ou votre \u00e9tablissement ? Visitez mon site pour d\u00e9couvrir comment je peux vous aider \u00e0 sublimer votre h\u00f4tel, votre commerce ou votre m\u00e9tier.<\/p>","protected":false},"author":1,"featured_media":0,"comment_status":"closed","ping_status":"open","sticky":false,"template":"","format":"standard","meta":{"_seopress_robots_primary_cat":"","_seopress_titles_title":"Photographe Gu\u00e9rande : Photographe Professionnel \u00e0 Gu\u00e9rande (44)","_seopress_titles_desc":"","_seopress_robots_index":"","_vp_format_video_url":"","_vp_image_focal_point":[],"footnotes":""},"categories":[141],"tags":[],"class_list":["post-3566","post","type-post","status-publish","format-standard","hentry","category-photographe-pays-de-la-loire"],"jetpack_featured_media_url":"","_links":{"self":[{"href":"https:\/\/gaelle-lecrecq.com\/en\/wp-json\/wp\/v2\/posts\/3566","targetHints":{"allow":["GET"]}}],"collection":[{"href":"https:\/\/gaelle-lecrecq.com\/en\/wp-json\/wp\/v2\/posts"}],"about":[{"href":"https:\/\/gaelle-lecrecq.com\/en\/wp-json\/wp\/v2\/types\/post"}],"author":[{"embeddable":true,"href":"https:\/\/gaelle-lecrecq.com\/en\/wp-json\/wp\/v2\/users\/1"}],"replies":[{"embeddable":true,"href":"https:\/\/gaelle-lecrecq.com\/en\/wp-json\/wp\/v2\/comments?post=3566"}],"version-history":[{"count":4,"href":"https:\/\/gaelle-lecrecq.com\/en\/wp-json\/wp\/v2\/posts\/3566\/revisions"}],"predecessor-version":[{"id":3594,"href":"https:\/\/gaelle-lecrecq.com\/en\/wp-json\/wp\/v2\/posts\/3566\/revisions\/3594"}],"wp:attachment":[{"href":"https:\/\/gaelle-lecrecq.com\/en\/wp-json\/wp\/v2\/media?parent=3566"}],"wp:term":[{"taxonomy":"category","embeddable":true,"href":"https:\/\/gaelle-lecrecq.com\/en\/wp-json\/wp\/v2\/categories?post=3566"},{"taxonomy":"post_tag","embeddable":true,"href":"https:\/\/gaelle-lecrecq.com\/en\/wp-json\/wp\/v2\/tags?post=3566"}],"curies":[{"name":"wp","href":"https:\/\/api.w.org\/{rel}","templated":true}]}}